{"id":6790,"date":"2023-06-29T11:28:08","date_gmt":"2023-06-29T15:28:08","guid":{"rendered":"https:\/\/henryjaustin.org\/?p=6790"},"modified":"2023-06-29T11:32:12","modified_gmt":"2023-06-29T15:32:12","slug":"summertime-blues-seasonal-affective-disorder-in-the-summer","status":"publish","type":"post","link":"https:\/\/henryjaustin.org\/es\/summertime-blues-seasonal-affective-disorder-in-the-summer\/","title":{"rendered":"La tristeza del verano: Trastorno afectivo estacional en verano"},"content":{"rendered":"<p><span data-contrast=\"auto\">While most people associate Seasonal Affective Disorder (SAD) with the winter months, when the lack of sunlight can lead to feelings of sadness and depression, it&#8217;s important to recognize that SAD can also affect individuals during the summertime. Summertime SAD, also known as reverse SAD, is a lesser-known condition that can have a significant impact on mental health. In this article, we will explore the symptoms, causes, and coping strategies for dealing with seasonal affective disorder during the summer months.\u00a0<\/span><span data-ccp-props=\"{&quot;201341983&quot;:0,&quot;335559739&quot;:160,&quot;335559740&quot;:259}\">\u00a0<\/span><\/p>\n<p><span data-contrast=\"auto\">Summertime SAD is characterized by a distinct change in mood during the warmer months. Around 1% of SAD sufferers are affected during warm weather. While the exact causes are not fully understood, researchers believe that it may be linked to disruptions in the body&#8217;s internal clock and the impact of excessive sunlight exposure. Experts also believe that hormonal changes in the brain during when the seasons change could lead to a change in attitude. The longer days and increased heat can affect certain individuals in unexpected ways, leading to a variety of symptoms.<\/span><span data-ccp-props=\"{&quot;201341983&quot;:0,&quot;335559739&quot;:160,&quot;335559740&quot;:259}\">\u00a0<\/span><\/p>\n<p><span data-contrast=\"auto\">The symptoms of summertime SAD can vary from person to person, but some common signs include anxiety, insomnia, loss of appetite, irritability, and decreased energy levels. While the specific causes of summertime SAD are not yet clear, several factors may contribute to its development. These include disruption of routines, social expectations, and body image concerns.\u00a0<\/span><span data-ccp-props=\"{&quot;201341983&quot;:0,&quot;335559739&quot;:160,&quot;335559740&quot;:259}\">\u00a0<\/span><\/p>\n<p><span data-contrast=\"auto\">If you find yourself experiencing summertime SAD, here are some strategies that may help alleviate its effects:<\/span><span data-ccp-props=\"{&quot;201341983&quot;:0,&quot;335559739&quot;:160,&quot;335559740&quot;:259}\">\u00a0<\/span><\/p>\n<ul>\n<li data-leveltext=\"\uf0b7\" data-font=\"Symbol\" data-listid=\"1\" data-list-defn-props=\"{&quot;335552541&quot;:1,&quot;335559684&quot;:-2,&quot;335559685&quot;:720,&quot;335559991&quot;:360,&quot;469769226&quot;:&quot;Symbol&quot;,&quot;469769242&quot;:[8226],&quot;469777803&quot;:&quot;left&quot;,&quot;469777804&quot;:&quot;\uf0b7&quot;,&quot;469777815&quot;:&quot;hybridMultilevel&quot;}\" aria-setsize=\"-1\" data-aria-posinset=\"1\" data-aria-level=\"1\"><span data-contrast=\"auto\">Seek shade and cool environments<\/span><span data-ccp-props=\"{&quot;201341983&quot;:0,&quot;335559739&quot;:160,&quot;335559740&quot;:259}\">\u00a0<\/span><\/li>\n<li data-leveltext=\"\uf0b7\" data-font=\"Symbol\" data-listid=\"1\" data-list-defn-props=\"{&quot;335552541&quot;:1,&quot;335559684&quot;:-2,&quot;335559685&quot;:720,&quot;335559991&quot;:360,&quot;469769226&quot;:&quot;Symbol&quot;,&quot;469769242&quot;:[8226],&quot;469777803&quot;:&quot;left&quot;,&quot;469777804&quot;:&quot;\uf0b7&quot;,&quot;469777815&quot;:&quot;hybridMultilevel&quot;}\" aria-setsize=\"-1\" data-aria-posinset=\"2\" data-aria-level=\"1\"><span data-contrast=\"auto\">Maintain a consistent routine<\/span><span data-ccp-props=\"{&quot;201341983&quot;:0,&quot;335559739&quot;:160,&quot;335559740&quot;:259}\">\u00a0<\/span><\/li>\n<\/ul>\n<ul>\n<li data-leveltext=\"\uf0b7\" data-font=\"Symbol\" data-listid=\"1\" data-list-defn-props=\"{&quot;335552541&quot;:1,&quot;335559684&quot;:-2,&quot;335559685&quot;:720,&quot;335559991&quot;:360,&quot;469769226&quot;:&quot;Symbol&quot;,&quot;469769242&quot;:[8226],&quot;469777803&quot;:&quot;left&quot;,&quot;469777804&quot;:&quot;\uf0b7&quot;,&quot;469777815&quot;:&quot;hybridMultilevel&quot;}\" aria-setsize=\"-1\" data-aria-posinset=\"1\" data-aria-level=\"1\"><span data-contrast=\"auto\">Stay hydrated<\/span><span data-ccp-props=\"{&quot;201341983&quot;:0,&quot;335559739&quot;:160,&quot;335559740&quot;:259}\">\u00a0<\/span><\/li>\n<li data-leveltext=\"\uf0b7\" data-font=\"Symbol\" data-listid=\"1\" data-list-defn-props=\"{&quot;335552541&quot;:1,&quot;335559684&quot;:-2,&quot;335559685&quot;:720,&quot;335559991&quot;:360,&quot;469769226&quot;:&quot;Symbol&quot;,&quot;469769242&quot;:[8226],&quot;469777803&quot;:&quot;left&quot;,&quot;469777804&quot;:&quot;\uf0b7&quot;,&quot;469777815&quot;:&quot;hybridMultilevel&quot;}\" aria-setsize=\"-1\" data-aria-posinset=\"2\" data-aria-level=\"1\"><span data-contrast=\"auto\">Practice self-care<\/span><span data-ccp-props=\"{&quot;201341983&quot;:0,&quot;335559739&quot;:160,&quot;335559740&quot;:259}\">\u00a0<\/span><\/li>\n<li data-leveltext=\"\uf0b7\" data-font=\"Symbol\" data-listid=\"1\" data-list-defn-props=\"{&quot;335552541&quot;:1,&quot;335559684&quot;:-2,&quot;335559685&quot;:720,&quot;335559991&quot;:360,&quot;469769226&quot;:&quot;Symbol&quot;,&quot;469769242&quot;:[8226],&quot;469777803&quot;:&quot;left&quot;,&quot;469777804&quot;:&quot;\uf0b7&quot;,&quot;469777815&quot;:&quot;hybridMultilevel&quot;}\" aria-setsize=\"-1\" data-aria-posinset=\"3\" data-aria-level=\"1\"><span data-contrast=\"auto\">Reach out for support<\/span><span data-ccp-props=\"{&quot;201341983&quot;:0,&quot;335559739&quot;:160,&quot;335559740&quot;:259}\">\u00a0<\/span><\/li>\n<li data-leveltext=\"\uf0b7\" data-font=\"Symbol\" data-listid=\"1\" data-list-defn-props=\"{&quot;335552541&quot;:1,&quot;335559684&quot;:-2,&quot;335559685&quot;:720,&quot;335559991&quot;:360,&quot;469769226&quot;:&quot;Symbol&quot;,&quot;469769242&quot;:[8226],&quot;469777803&quot;:&quot;left&quot;,&quot;469777804&quot;:&quot;\uf0b7&quot;,&quot;469777815&quot;:&quot;hybridMultilevel&quot;}\" aria-setsize=\"-1\" data-aria-posinset=\"4\" data-aria-level=\"1\"><span data-contrast=\"auto\">Focus on healthy habits<\/span><span data-ccp-props=\"{&quot;201341983&quot;:0,&quot;335559739&quot;:160,&quot;335559740&quot;:259}\">\u00a0<\/span><\/li>\n<li data-leveltext=\"\uf0b7\" data-font=\"Symbol\" data-listid=\"1\" data-list-defn-props=\"{&quot;335552541&quot;:1,&quot;335559684&quot;:-2,&quot;335559685&quot;:720,&quot;335559991&quot;:360,&quot;469769226&quot;:&quot;Symbol&quot;,&quot;469769242&quot;:[8226],&quot;469777803&quot;:&quot;left&quot;,&quot;469777804&quot;:&quot;\uf0b7&quot;,&quot;469777815&quot;:&quot;hybridMultilevel&quot;}\" aria-setsize=\"-1\" data-aria-posinset=\"5\" data-aria-level=\"1\"><span data-contrast=\"auto\">Seek professional help<\/span><span data-ccp-props=\"{&quot;201341983&quot;:0,&quot;335559739&quot;:160,&quot;335559740&quot;:259}\">\u00a0<\/span><\/li>\n<\/ul>\n<p><span data-contrast=\"auto\">Summertime SAD is a lesser known but significant condition that affects some individuals during the warmer months. Recognizing the symptoms and understanding the potential causes can help individuals seek appropriate support and implement coping strategies. If you find yourself struggling with summertime SAD, remember that you are not alone, and seeking help is an essential step towards improving your mental well-being. To schedule an appointment with our Behavioral Health team, please visit <\/span><a href=\"http:\/\/www.henryjaustin.org\/\"><span data-contrast=\"none\">www.henryjaustin.org<\/span><\/a><span data-contrast=\"auto\"> or call 609-278-5900.\u00a0<\/span><span data-ccp-props=\"{&quot;201341983&quot;:0,&quot;335559739&quot;:160,&quot;335559740&quot;:259}\">\u00a0<\/span><\/p>\n","protected":false},"excerpt":{"rendered":"<p>Aunque la mayor\u00eda de la gente asocia el trastorno afectivo estacional (TAE) con los meses de invierno, cuando la falta de luz solar puede provocar sentimientos de tristeza y depresi\u00f3n, es importante reconocer que el TAE tambi\u00e9n puede afectar a las personas durante el verano. El TAE estival, tambi\u00e9n conocido como TAE inverso, es una afecci\u00f3n menos conocida que puede tener un impacto significativo en la salud mental. En este art\u00edculo, exploraremos los s\u00edntomas, las causas y las estrategias de afrontamiento para tratar el trastorno afectivo estacional durante los meses de verano.  <\/p>","protected":false},"author":2,"featured_media":6791,"comment_status":"open","ping_status":"closed","sticky":false,"template":"","format":"standard","meta":{"_acf_changed":false,"_monsterinsights_skip_tracking":false,"_monsterinsights_sitenote_active":false,"_monsterinsights_sitenote_note":"","_monsterinsights_sitenote_category":0,"footnotes":""},"categories":[112,104,17],"tags":[],"class_list":["post-6790","post","type-post","status-publish","format-standard","has-post-thumbnail","hentry","category-announcement","category-awareness","category-health-care"],"acf":[],"yoast_head":"<!-- This site is optimized with the Yoast SEO plugin v27.4 - https:\/\/yoast.com\/product\/yoast-seo-wordpress\/ -->\n<title>Summertime Blues: Seasonal Affective Disorder in the Summer - Henry J. Austin Health Center<\/title>\n<meta name=\"robots\" content=\"index, follow, max-snippet:-1, max-image-preview:large, max-video-preview:-1\" \/>\n<link rel=\"canonical\" href=\"https:\/\/henryjaustin.org\/es\/summertime-blues-seasonal-affective-disorder-in-the-summer\/\" \/>\n<meta property=\"og:locale\" content=\"es_MX\" \/>\n<meta property=\"og:type\" content=\"article\" \/>\n<meta property=\"og:title\" content=\"Summertime Blues: Seasonal Affective Disorder in the Summer - Henry J. Austin Health Center\" \/>\n<meta property=\"og:description\" content=\"While most people associate Seasonal Affective Disorder (SAD) with the winter months, when the lack of sunlight can lead to feelings of sadness and depression, it&#039;s important to recognize that SAD can also affect individuals during the summertime. Summertime SAD, also known as reverse SAD, is a lesser-known condition that can have a significant impact on mental health. In this article, we will explore the symptoms, causes, and coping strategies for dealing with seasonal affective disorder during the summer months.\" \/>\n<meta property=\"og:url\" content=\"https:\/\/henryjaustin.org\/es\/summertime-blues-seasonal-affective-disorder-in-the-summer\/\" \/>\n<meta property=\"og:site_name\" content=\"Henry J. Austin Health Center\" \/>\n<meta property=\"article:publisher\" content=\"https:\/\/www.facebook.com\/HJAHCNJ\/\" \/>\n<meta property=\"article:published_time\" content=\"2023-06-29T15:28:08+00:00\" \/>\n<meta property=\"article:modified_time\" content=\"2023-06-29T15:32:12+00:00\" \/>\n<meta property=\"og:image\" content=\"https:\/\/henryjaustin.org\/wp-content\/uploads\/2023\/06\/SAD-scaled.jpg\" \/>\n\t<meta property=\"og:image:width\" content=\"2048\" \/>\n\t<meta property=\"og:image:height\" content=\"1365\" \/>\n\t<meta property=\"og:image:type\" content=\"image\/jpeg\" \/>\n<meta name=\"author\" content=\"henryjaustin\" \/>\n<meta name=\"twitter:card\" content=\"summary_large_image\" \/>\n<meta name=\"twitter:creator\" content=\"@HJAHC\" \/>\n<meta name=\"twitter:site\" content=\"@HJAHC\" \/>\n<meta name=\"twitter:label1\" content=\"Escrito por\" \/>\n\t<meta name=\"twitter:data1\" content=\"henryjaustin\" \/>\n\t<meta name=\"twitter:label2\" content=\"Tiempo de lectura\" \/>\n\t<meta name=\"twitter:data2\" content=\"2 minutos\" \/>\n<script type=\"application\/ld+json\" class=\"yoast-schema-graph\">{\"@context\":\"https:\\\/\\\/schema.org\",\"@graph\":[{\"@type\":\"Article\",\"@id\":\"https:\\\/\\\/henryjaustin.org\\\/summertime-blues-seasonal-affective-disorder-in-the-summer\\\/#article\",\"isPartOf\":{\"@id\":\"https:\\\/\\\/henryjaustin.org\\\/summertime-blues-seasonal-affective-disorder-in-the-summer\\\/\"},\"author\":{\"name\":\"henryjaustin\",\"@id\":\"https:\\\/\\\/henryjaustin.org\\\/#\\\/schema\\\/person\\\/6514534d7cbc1e1e00fce9e767463acf\"},\"headline\":\"Summertime Blues: Seasonal Affective Disorder in the Summer\",\"datePublished\":\"2023-06-29T15:28:08+00:00\",\"dateModified\":\"2023-06-29T15:32:12+00:00\",\"mainEntityOfPage\":{\"@id\":\"https:\\\/\\\/henryjaustin.org\\\/summertime-blues-seasonal-affective-disorder-in-the-summer\\\/\"},\"wordCount\":357,\"commentCount\":0,\"publisher\":{\"@id\":\"https:\\\/\\\/henryjaustin.org\\\/#organization\"},\"image\":{\"@id\":\"https:\\\/\\\/henryjaustin.org\\\/summertime-blues-seasonal-affective-disorder-in-the-summer\\\/#primaryimage\"},\"thumbnailUrl\":\"https:\\\/\\\/henryjaustin.org\\\/wp-content\\\/uploads\\\/2023\\\/06\\\/SAD-scaled.jpg\",\"articleSection\":[\"Announcement\",\"Awareness\",\"Health Care\"],\"inLanguage\":\"es\",\"potentialAction\":[{\"@type\":\"CommentAction\",\"name\":\"Comment\",\"target\":[\"https:\\\/\\\/henryjaustin.org\\\/summertime-blues-seasonal-affective-disorder-in-the-summer\\\/#respond\"]}]},{\"@type\":\"WebPage\",\"@id\":\"https:\\\/\\\/henryjaustin.org\\\/summertime-blues-seasonal-affective-disorder-in-the-summer\\\/\",\"url\":\"https:\\\/\\\/henryjaustin.org\\\/summertime-blues-seasonal-affective-disorder-in-the-summer\\\/\",\"name\":\"Summertime Blues: Seasonal Affective Disorder in the Summer - Henry J. Austin Health Center\",\"isPartOf\":{\"@id\":\"https:\\\/\\\/henryjaustin.org\\\/#website\"},\"primaryImageOfPage\":{\"@id\":\"https:\\\/\\\/henryjaustin.org\\\/summertime-blues-seasonal-affective-disorder-in-the-summer\\\/#primaryimage\"},\"image\":{\"@id\":\"https:\\\/\\\/henryjaustin.org\\\/summertime-blues-seasonal-affective-disorder-in-the-summer\\\/#primaryimage\"},\"thumbnailUrl\":\"https:\\\/\\\/henryjaustin.org\\\/wp-content\\\/uploads\\\/2023\\\/06\\\/SAD-scaled.jpg\",\"datePublished\":\"2023-06-29T15:28:08+00:00\",\"dateModified\":\"2023-06-29T15:32:12+00:00\",\"breadcrumb\":{\"@id\":\"https:\\\/\\\/henryjaustin.org\\\/summertime-blues-seasonal-affective-disorder-in-the-summer\\\/#breadcrumb\"},\"inLanguage\":\"es\",\"potentialAction\":[{\"@type\":\"ReadAction\",\"target\":[\"https:\\\/\\\/henryjaustin.org\\\/summertime-blues-seasonal-affective-disorder-in-the-summer\\\/\"]}]},{\"@type\":\"ImageObject\",\"inLanguage\":\"es\",\"@id\":\"https:\\\/\\\/henryjaustin.org\\\/summertime-blues-seasonal-affective-disorder-in-the-summer\\\/#primaryimage\",\"url\":\"https:\\\/\\\/henryjaustin.org\\\/wp-content\\\/uploads\\\/2023\\\/06\\\/SAD-scaled.jpg\",\"contentUrl\":\"https:\\\/\\\/henryjaustin.org\\\/wp-content\\\/uploads\\\/2023\\\/06\\\/SAD-scaled.jpg\",\"width\":2048,\"height\":1365},{\"@type\":\"BreadcrumbList\",\"@id\":\"https:\\\/\\\/henryjaustin.org\\\/summertime-blues-seasonal-affective-disorder-in-the-summer\\\/#breadcrumb\",\"itemListElement\":[{\"@type\":\"ListItem\",\"position\":1,\"name\":\"Home\",\"item\":\"https:\\\/\\\/henryjaustin.org\\\/\"},{\"@type\":\"ListItem\",\"position\":2,\"name\":\"Summertime Blues: Seasonal Affective Disorder in the Summer\"}]},{\"@type\":\"WebSite\",\"@id\":\"https:\\\/\\\/henryjaustin.org\\\/#website\",\"url\":\"https:\\\/\\\/henryjaustin.org\\\/\",\"name\":\"Henry J. Austin Health Center\",\"description\":\"The Center for Wellness\",\"publisher\":{\"@id\":\"https:\\\/\\\/henryjaustin.org\\\/#organization\"},\"potentialAction\":[{\"@type\":\"SearchAction\",\"target\":{\"@type\":\"EntryPoint\",\"urlTemplate\":\"https:\\\/\\\/henryjaustin.org\\\/?s={search_term_string}\"},\"query-input\":{\"@type\":\"PropertyValueSpecification\",\"valueRequired\":true,\"valueName\":\"search_term_string\"}}],\"inLanguage\":\"es\"},{\"@type\":\"Organization\",\"@id\":\"https:\\\/\\\/henryjaustin.org\\\/#organization\",\"name\":\"Henry J. Austin Health Center\",\"url\":\"https:\\\/\\\/henryjaustin.org\\\/\",\"logo\":{\"@type\":\"ImageObject\",\"inLanguage\":\"es\",\"@id\":\"https:\\\/\\\/henryjaustin.org\\\/#\\\/schema\\\/logo\\\/image\\\/\",\"url\":\"https:\\\/\\\/henryjaustin.org\\\/wp-content\\\/uploads\\\/2020\\\/11\\\/hjahc.png\",\"contentUrl\":\"https:\\\/\\\/henryjaustin.org\\\/wp-content\\\/uploads\\\/2020\\\/11\\\/hjahc.png\",\"width\":512,\"height\":512,\"caption\":\"Henry J. Austin Health Center\"},\"image\":{\"@id\":\"https:\\\/\\\/henryjaustin.org\\\/#\\\/schema\\\/logo\\\/image\\\/\"},\"sameAs\":[\"https:\\\/\\\/www.facebook.com\\\/HJAHCNJ\\\/\",\"https:\\\/\\\/x.com\\\/HJAHC\",\"https:\\\/\\\/www.instagram.com\\\/hjahc\\\/\",\"https:\\\/\\\/www.linkedin.com\\\/company\\\/henry-j-austin-health-center\"]},{\"@type\":\"Person\",\"@id\":\"https:\\\/\\\/henryjaustin.org\\\/#\\\/schema\\\/person\\\/6514534d7cbc1e1e00fce9e767463acf\",\"name\":\"henryjaustin\",\"sameAs\":[\"http:\\\/\\\/henryjaustin.org\"],\"url\":\"https:\\\/\\\/henryjaustin.org\\\/es\\\/author\\\/henryjaustin\\\/\"}]}<\/script>\n<!-- \/ Yoast SEO plugin. -->","yoast_head_json":{"title":"La tristeza del verano: Trastorno afectivo estacional en verano - Henry J. Austin Health Center","robots":{"index":"index","follow":"follow","max-snippet":"max-snippet:-1","max-image-preview":"max-image-preview:large","max-video-preview":"max-video-preview:-1"},"canonical":"https:\/\/henryjaustin.org\/es\/summertime-blues-seasonal-affective-disorder-in-the-summer\/","og_locale":"es_MX","og_type":"article","og_title":"Summertime Blues: Seasonal Affective Disorder in the Summer - Henry J. Austin Health Center","og_description":"While most people associate Seasonal Affective Disorder (SAD) with the winter months, when the lack of sunlight can lead to feelings of sadness and depression, it's important to recognize that SAD can also affect individuals during the summertime. Summertime SAD, also known as reverse SAD, is a lesser-known condition that can have a significant impact on mental health. In this article, we will explore the symptoms, causes, and coping strategies for dealing with seasonal affective disorder during the summer months.","og_url":"https:\/\/henryjaustin.org\/es\/summertime-blues-seasonal-affective-disorder-in-the-summer\/","og_site_name":"Henry J. Austin Health Center","article_publisher":"https:\/\/www.facebook.com\/HJAHCNJ\/","article_published_time":"2023-06-29T15:28:08+00:00","article_modified_time":"2023-06-29T15:32:12+00:00","og_image":[{"width":2048,"height":1365,"url":"https:\/\/henryjaustin.org\/wp-content\/uploads\/2023\/06\/SAD-scaled.jpg","type":"image\/jpeg"}],"author":"henryjaustin","twitter_card":"summary_large_image","twitter_creator":"@HJAHC","twitter_site":"@HJAHC","twitter_misc":{"Escrito por":"henryjaustin","Tiempo de lectura":"2 minutos"},"schema":{"@context":"https:\/\/schema.org","@graph":[{"@type":"Article","@id":"https:\/\/henryjaustin.org\/summertime-blues-seasonal-affective-disorder-in-the-summer\/#article","isPartOf":{"@id":"https:\/\/henryjaustin.org\/summertime-blues-seasonal-affective-disorder-in-the-summer\/"},"author":{"name":"henryjaustin","@id":"https:\/\/henryjaustin.org\/#\/schema\/person\/6514534d7cbc1e1e00fce9e767463acf"},"headline":"Summertime Blues: Seasonal Affective Disorder in the Summer","datePublished":"2023-06-29T15:28:08+00:00","dateModified":"2023-06-29T15:32:12+00:00","mainEntityOfPage":{"@id":"https:\/\/henryjaustin.org\/summertime-blues-seasonal-affective-disorder-in-the-summer\/"},"wordCount":357,"commentCount":0,"publisher":{"@id":"https:\/\/henryjaustin.org\/#organization"},"image":{"@id":"https:\/\/henryjaustin.org\/summertime-blues-seasonal-affective-disorder-in-the-summer\/#primaryimage"},"thumbnailUrl":"https:\/\/henryjaustin.org\/wp-content\/uploads\/2023\/06\/SAD-scaled.jpg","articleSection":["Announcement","Awareness","Health Care"],"inLanguage":"es","potentialAction":[{"@type":"CommentAction","name":"Comment","target":["https:\/\/henryjaustin.org\/summertime-blues-seasonal-affective-disorder-in-the-summer\/#respond"]}]},{"@type":"WebPage","@id":"https:\/\/henryjaustin.org\/summertime-blues-seasonal-affective-disorder-in-the-summer\/","url":"https:\/\/henryjaustin.org\/summertime-blues-seasonal-affective-disorder-in-the-summer\/","name":"La tristeza del verano: Trastorno afectivo estacional en verano - Henry J. Austin Health Center","isPartOf":{"@id":"https:\/\/henryjaustin.org\/#website"},"primaryImageOfPage":{"@id":"https:\/\/henryjaustin.org\/summertime-blues-seasonal-affective-disorder-in-the-summer\/#primaryimage"},"image":{"@id":"https:\/\/henryjaustin.org\/summertime-blues-seasonal-affective-disorder-in-the-summer\/#primaryimage"},"thumbnailUrl":"https:\/\/henryjaustin.org\/wp-content\/uploads\/2023\/06\/SAD-scaled.jpg","datePublished":"2023-06-29T15:28:08+00:00","dateModified":"2023-06-29T15:32:12+00:00","breadcrumb":{"@id":"https:\/\/henryjaustin.org\/summertime-blues-seasonal-affective-disorder-in-the-summer\/#breadcrumb"},"inLanguage":"es","potentialAction":[{"@type":"ReadAction","target":["https:\/\/henryjaustin.org\/summertime-blues-seasonal-affective-disorder-in-the-summer\/"]}]},{"@type":"ImageObject","inLanguage":"es","@id":"https:\/\/henryjaustin.org\/summertime-blues-seasonal-affective-disorder-in-the-summer\/#primaryimage","url":"https:\/\/henryjaustin.org\/wp-content\/uploads\/2023\/06\/SAD-scaled.jpg","contentUrl":"https:\/\/henryjaustin.org\/wp-content\/uploads\/2023\/06\/SAD-scaled.jpg","width":2048,"height":1365},{"@type":"BreadcrumbList","@id":"https:\/\/henryjaustin.org\/summertime-blues-seasonal-affective-disorder-in-the-summer\/#breadcrumb","itemListElement":[{"@type":"ListItem","position":1,"name":"Home","item":"https:\/\/henryjaustin.org\/"},{"@type":"ListItem","position":2,"name":"Summertime Blues: Seasonal Affective Disorder in the Summer"}]},{"@type":"WebSite","@id":"https:\/\/henryjaustin.org\/#website","url":"https:\/\/henryjaustin.org\/","name":"Centro de Salud Henry J. Austin","description":"El Centro para el Bienestar","publisher":{"@id":"https:\/\/henryjaustin.org\/#organization"},"potentialAction":[{"@type":"SearchAction","target":{"@type":"EntryPoint","urlTemplate":"https:\/\/henryjaustin.org\/?s={search_term_string}"},"query-input":{"@type":"PropertyValueSpecification","valueRequired":true,"valueName":"search_term_string"}}],"inLanguage":"es"},{"@type":"Organization","@id":"https:\/\/henryjaustin.org\/#organization","name":"Centro de Salud Henry J. Austin","url":"https:\/\/henryjaustin.org\/","logo":{"@type":"ImageObject","inLanguage":"es","@id":"https:\/\/henryjaustin.org\/#\/schema\/logo\/image\/","url":"https:\/\/henryjaustin.org\/wp-content\/uploads\/2020\/11\/hjahc.png","contentUrl":"https:\/\/henryjaustin.org\/wp-content\/uploads\/2020\/11\/hjahc.png","width":512,"height":512,"caption":"Henry J. Austin Health Center"},"image":{"@id":"https:\/\/henryjaustin.org\/#\/schema\/logo\/image\/"},"sameAs":["https:\/\/www.facebook.com\/HJAHCNJ\/","https:\/\/x.com\/HJAHC","https:\/\/www.instagram.com\/hjahc\/","https:\/\/www.linkedin.com\/company\/henry-j-austin-health-center"]},{"@type":"Person","@id":"https:\/\/henryjaustin.org\/#\/schema\/person\/6514534d7cbc1e1e00fce9e767463acf","name":"henryjaustin","sameAs":["http:\/\/henryjaustin.org"],"url":"https:\/\/henryjaustin.org\/es\/author\/henryjaustin\/"}]}},"_links":{"self":[{"href":"https:\/\/henryjaustin.org\/es\/wp-json\/wp\/v2\/posts\/6790","targetHints":{"allow":["GET"]}}],"collection":[{"href":"https:\/\/henryjaustin.org\/es\/wp-json\/wp\/v2\/posts"}],"about":[{"href":"https:\/\/henryjaustin.org\/es\/wp-json\/wp\/v2\/types\/post"}],"author":[{"embeddable":true,"href":"https:\/\/henryjaustin.org\/es\/wp-json\/wp\/v2\/users\/2"}],"replies":[{"embeddable":true,"href":"https:\/\/henryjaustin.org\/es\/wp-json\/wp\/v2\/comments?post=6790"}],"version-history":[{"count":0,"href":"https:\/\/henryjaustin.org\/es\/wp-json\/wp\/v2\/posts\/6790\/revisions"}],"wp:featuredmedia":[{"embeddable":true,"href":"https:\/\/henryjaustin.org\/es\/wp-json\/wp\/v2\/media\/6791"}],"wp:attachment":[{"href":"https:\/\/henryjaustin.org\/es\/wp-json\/wp\/v2\/media?parent=6790"}],"wp:term":[{"taxonomy":"category","embeddable":true,"href":"https:\/\/henryjaustin.org\/es\/wp-json\/wp\/v2\/categories?post=6790"},{"taxonomy":"post_tag","embeddable":true,"href":"https:\/\/henryjaustin.org\/es\/wp-json\/wp\/v2\/tags?post=6790"}],"curies":[{"name":"wp","href":"https:\/\/api.w.org\/{rel}","templated":true}]}}